{"id":986999,"date":"2026-04-29T05:25:01","date_gmt":"2026-04-29T03:25:01","guid":{"rendered":"https:\/\/schuler.at\/auto\/fzg-8138757\/"},"modified":"2026-04-29T05:25:25","modified_gmt":"2026-04-29T03:25:25","slug":"fzg-8138757","status":"publish","type":"post","link":"https:\/\/schuler.at\/auto\/fzg-8138757\/","title":{"rendered":"Ford Tourneo Connect 2,0EcoBlue L2 Active 122PS 7S 4WD"},"content":{"rendered":"<div class=\"pricetag-schuler\">EUR 49.800<\/div>\n<div class=\"empty-space\"><\/div>\n<table class=\"table table-striped\">\n<tbody class=\"tbody-schuler\">\n<tr class=\"tr-schuler\">\n<th class=\"th-schuler\">Fahrzeugart<\/th>\n<td class=\"td-schuler\">Vorf\u00fchrfahrzeug<\/td>\n<\/tr>\n<tr class=\"tr-schuler\">\n<th class=\"th-schuler\">Erstzulassung<\/th>\n<td class=\"td-schuler\">01\/2026<\/td>\n<\/tr>\n<tr class=\"tr-schuler\">\n<th class=\"th-schuler\">Kilometerstand<\/th>\n<td class=\"td-schuler\">10 km<\/td>\n<\/tr>\n<tr class=\"tr-schuler\">\n<th class=\"th-schuler\">Leistung<\/th>\n<td class=\"td-schuler\">122 PS (90 kW)<\/td>\n<\/tr>\n<tr class=\"tr-schuler\">\n<th class=\"th-schuler\">Getriebeart<\/th>\n<td class=\"td-schuler\">Schaltgetriebe<\/td>\n<\/tr>\n<tr class=\"tr-schuler\">\n<th class=\"th-schuler\">Hubraum<\/th>\n<td class=\"td-schuler\">1968 ccm<\/td>\n<\/tr>\n<tr class=\"tr-schuler\">\n<th class=\"th-schuler\">Kraftstoff<\/th>\n<td class=\"td-schuler\">Diesel<\/td>\n<\/tr>\n<tr class=\"tr-schuler\">\n<th class=\"th-schuler\">Abgasnorm<\/th>\n<td class=\"td-schuler\">EuroNorm VI<\/td>\n<\/tr>\n<tr class=\"tr-schuler\">\n<th class=\"th-schuler\">Antrieb<\/th>\n<td class=\"td-schuler\">Allrad<\/td>\n<\/tr>\n<tr class=\"tr-schuler\">\n<th class=\"th-schuler\">Karosserieform<\/th>\n<td class=\"td-schuler\">Van<\/td>\n<\/tr>\n<tr class=\"tr-schuler\">\n<th class=\"th-schuler\">T\u00fcren<\/th>\n<td class=\"td-schuler\">5<\/td>\n<\/tr>\n<tr class=\"tr-schuler\">\n<th class=\"th-schuler\">Au\u00dfenfarbe<\/th>\n<td class=\"td-schuler\">Comet-Grau<\/td>\n<\/tr>\n<tr class=\"tr-schuler\">\n<th class=\"th-schuler\">Innenfarbe<\/th>\n<td class=\"td-schuler\">Schwarz<\/td>\n<\/tr>\n<tr class=\"tr-schuler\">\n<th class=\"th-schuler\">Highlights<\/th>\n<td class=\"td-schuler\">Active Edition<br \/>Allrad<br \/>7 Sitzer<br \/>Sitzpaket 18<br \/>Sitzheizung<br \/>R\u00fcckfahrkamera<br \/>Navigation<br \/>Tempomat<br \/>Parkpilot vorne und hinten<br \/>Panoramadach<\/p>\n<p>Neuwagengarantie 5 Jahre oder 100,000km<\/td>\n<\/tr>\n<\/tbody>\n<\/table>\n","protected":false},"excerpt":{"rendered":"<p>EUR 49.800 Fahrzeugart Vorf\u00fchrfahrzeug Erstzulassung 01\/2026 Kilometerstand 10 km Leistung 122 PS (90 kW) Getriebeart Schaltgetriebe Hubraum 1968 ccm Kraftstoff Diesel Abgasnorm EuroNorm VI Antrieb Allrad Karosserieform Van T\u00fcren 5 Au\u00dfenfarbe Comet-Grau Innenfarbe Schwarz Highlights Active EditionAllrad7 SitzerSitzpaket 18SitzheizungR\u00fcckfahrkameraNavigationTempomatParkpilot vorne und hintenPanoramadach Neuwagengarantie 5 Jahre oder 100,000km<\/p>\n","protected":false},"author":0,"featured_media":1218642,"comment_status":"closed","ping_status":"closed","sticky":false,"template":"","format":"standard","meta":{"_mo_disable_npp":"","footnotes":""},"categories":[51],"tags":[64],"class_list":["post-986999","post","type-post","status-publish","format-standard","has-post-thumbnail","hentry","category-fahrzeuge","tag-transit-tourneo"],"featured_image_src":{"landsacpe":["https:\/\/schuler.at\/auto\/wp-content\/uploads\/2026\/04\/526_8138757_01-800x445.jpg",800,445,true],"list":["https:\/\/schuler.at\/auto\/wp-content\/uploads\/2026\/04\/526_8138757_01-463x348.jpg",463,348,true],"medium":["https:\/\/schuler.at\/auto\/wp-content\/uploads\/2026\/04\/526_8138757_01-300x225.jpg",300,225,true],"full":["https:\/\/schuler.at\/auto\/wp-content\/uploads\/2026\/04\/526_8138757_01.jpg",800,600,false]},"_links":{"self":[{"href":"https:\/\/schuler.at\/auto\/wp-json\/wp\/v2\/posts\/986999","targetHints":{"allow":["GET"]}}],"collection":[{"href":"https:\/\/schuler.at\/auto\/wp-json\/wp\/v2\/posts"}],"about":[{"href":"https:\/\/schuler.at\/auto\/wp-json\/wp\/v2\/types\/post"}],"replies":[{"embeddable":true,"href":"https:\/\/schuler.at\/auto\/wp-json\/wp\/v2\/comments?post=986999"}],"version-history":[{"count":4,"href":"https:\/\/schuler.at\/auto\/wp-json\/wp\/v2\/posts\/986999\/revisions"}],"predecessor-version":[{"id":1199526,"href":"https:\/\/schuler.at\/auto\/wp-json\/wp\/v2\/posts\/986999\/revisions\/1199526"}],"wp:featuredmedia":[{"embeddable":true,"href":"https:\/\/schuler.at\/auto\/wp-json\/wp\/v2\/media\/1218642"}],"wp:attachment":[{"href":"https:\/\/schuler.at\/auto\/wp-json\/wp\/v2\/media?parent=986999"}],"wp:term":[{"taxonomy":"category","embeddable":true,"href":"https:\/\/schuler.at\/auto\/wp-json\/wp\/v2\/categories?post=986999"},{"taxonomy":"post_tag","embeddable":true,"href":"https:\/\/schuler.at\/auto\/wp-json\/wp\/v2\/tags?post=986999"}],"curies":[{"name":"wp","href":"https:\/\/api.w.org\/{rel}","templated":true}]}}